{"id":1525,"date":"2022-07-04T19:19:58","date_gmt":"2022-07-04T17:19:58","guid":{"rendered":"http:\/\/collegevictorlouis.fr\/?p=1525"},"modified":"2022-09-08T09:40:07","modified_gmt":"2022-09-08T07:40:07","slug":"note-de-rentree-2022","status":"publish","type":"post","link":"https:\/\/collegevictorlouis.fr\/?p=1525","title":{"rendered":"Note de rentr\u00e9e 2022"},"content":{"rendered":"\n<p>Vous trouverez ici le planning d\u00e9taill\u00e9 de la rentr\u00e9e des classes de septembre 2022.<br>En vous souhaitant tout de m\u00eame de bonnes vacances.<\/p>\n\n\n\n<div class=\"wp-block-file\"><a href=\"http:\/\/collegevictorlouis.fr\/wp-content\/uploads\/2022\/07\/Note-de-rentree-2022.pdf\" target=\"_blank\" rel=\"noreferrer noopener\">Note-de-rentree-2022<\/a><a href=\"http:\/\/collegevictorlouis.fr\/wp-content\/uploads\/2022\/07\/Note-de-rentree-2022.pdf\" class=\"wp-block-file__button\" download>T\u00e9l\u00e9charger<\/a><\/div>\n\n\n\n<figure class=\"wp-block-image size-large\"><img loading=\"lazy\" decoding=\"async\" width=\"1024\" height=\"512\" src=\"http:\/\/collegevictorlouis.fr\/wp-content\/uploads\/2022\/07\/rentree-scolaire-1024x512.jpeg\" alt=\"\" class=\"wp-image-1527\" srcset=\"https:\/\/collegevictorlouis.fr\/wp-content\/uploads\/2022\/07\/rentree-scolaire-1024x512.jpeg 1024w, https:\/\/collegevictorlouis.fr\/wp-content\/uploads\/2022\/07\/rentree-scolaire-300x150.jpeg 300w, https:\/\/collegevictorlouis.fr\/wp-content\/uploads\/2022\/07\/rentree-scolaire-768x384.jpeg 768w, https:\/\/collegevictorlouis.fr\/wp-content\/uploads\/2022\/07\/rentree-scolaire.jpeg 1200w\" sizes=\"auto, (max-width: 767px) 89vw, (max-width: 1000px) 54vw, (max-width: 1071px) 543px, 580px\" \/><\/figure>\n","protected":false},"excerpt":{"rendered":"<p>Vous trouverez ici le planning d\u00e9taill\u00e9 de la rentr\u00e9e des classes de septembre 2022.En vous souhaitant tout de m\u00eame de bonnes vacances.<\/p>\n","protected":false},"author":25,"featured_media":0,"comment_status":"open","ping_status":"open","sticky":false,"template":"","format":"standard","meta":{"footnotes":""},"categories":[26,74,27],"tags":[53],"class_list":["post-1525","post","type-post","status-publish","format-standard","hentry","category-administration","category-parents-deleves","category-vie-de-leleve","tag-rentree"],"_links":{"self":[{"href":"https:\/\/collegevictorlouis.fr\/index.php?rest_route=\/wp\/v2\/posts\/1525","targetHints":{"allow":["GET"]}}],"collection":[{"href":"https:\/\/collegevictorlouis.fr\/index.php?rest_route=\/wp\/v2\/posts"}],"about":[{"href":"https:\/\/collegevictorlouis.fr\/index.php?rest_route=\/wp\/v2\/types\/post"}],"author":[{"embeddable":true,"href":"https:\/\/collegevictorlouis.fr\/index.php?rest_route=\/wp\/v2\/users\/25"}],"replies":[{"embeddable":true,"href":"https:\/\/collegevictorlouis.fr\/index.php?rest_route=%2Fwp%2Fv2%2Fcomments&post=1525"}],"version-history":[{"count":1,"href":"https:\/\/collegevictorlouis.fr\/index.php?rest_route=\/wp\/v2\/posts\/1525\/revisions"}],"predecessor-version":[{"id":1528,"href":"https:\/\/collegevictorlouis.fr\/index.php?rest_route=\/wp\/v2\/posts\/1525\/revisions\/1528"}],"wp:attachment":[{"href":"https:\/\/collegevictorlouis.fr\/index.php?rest_route=%2Fwp%2Fv2%2Fmedia&parent=1525"}],"wp:term":[{"taxonomy":"category","embeddable":true,"href":"https:\/\/collegevictorlouis.fr\/index.php?rest_route=%2Fwp%2Fv2%2Fcategories&post=1525"},{"taxonomy":"post_tag","embeddable":true,"href":"https:\/\/collegevictorlouis.fr\/index.php?rest_route=%2Fwp%2Fv2%2Ftags&post=1525"}],"curies":[{"name":"wp","href":"https:\/\/api.w.org\/{rel}","templated":true}]}}