{"id":2457,"date":"2024-04-10T09:01:11","date_gmt":"2024-04-10T07:01:11","guid":{"rendered":"http:\/\/collegevictorlouis.fr\/?p=2457"},"modified":"2024-04-10T09:01:11","modified_gmt":"2024-04-10T07:01:11","slug":"italie-jour-2-la-rome-antique","status":"publish","type":"post","link":"https:\/\/collegevictorlouis.fr\/?p=2457","title":{"rendered":"Italie Jour 2 &#8211; la Rome Antique"},"content":{"rendered":"\n<p>Apr\u00e8s une petite nuit dans le bus, Les \u00e9l\u00e8ves ont pu d\u00e9couvrir les ruines du Colis\u00e9e, des diff\u00e9rents forums et le Palatin. Ils ont aussi visit\u00e9 les c\u00e9l\u00e8bres mus\u00e9es capitolins et leurs statues m\u00e9morables. Une journ\u00e9e o\u00f9 nous en avons eu plein les yeux et plein les jambes ( 21000 pas selon ma montre connect\u00e9e !!!). La nuit \u00e0 l\u2019h\u00f4tel a fait du bien \u00e0 tous. <\/p>\n\n\n\n<figure class=\"wp-block-gallery has-nested-images columns-default is-cropped wp-block-gallery-1 is-layout-flex wp-block-gallery-is-layout-flex\">\n<figure class=\"wp-block-image size-large\"><img loading=\"lazy\" decoding=\"async\" width=\"985\" height=\"1024\" data-id=\"2458\" src=\"http:\/\/collegevictorlouis.fr\/wp-content\/uploads\/2024\/04\/IMG_2037-985x1024.jpeg\" alt=\"\" class=\"wp-image-2458\" srcset=\"https:\/\/collegevictorlouis.fr\/wp-content\/uploads\/2024\/04\/IMG_2037-985x1024.jpeg 985w, https:\/\/collegevictorlouis.fr\/wp-content\/uploads\/2024\/04\/IMG_2037-288x300.jpeg 288w, https:\/\/collegevictorlouis.fr\/wp-content\/uploads\/2024\/04\/IMG_2037-768x799.jpeg 768w, https:\/\/collegevictorlouis.fr\/wp-content\/uploads\/2024\/04\/IMG_2037-1477x1536.jpeg 1477w, https:\/\/collegevictorlouis.fr\/wp-content\/uploads\/2024\/04\/IMG_2037-1969x2048.jpeg 1969w\" sizes=\"auto, (max-width: 767px) 89vw, (max-width: 1000px) 54vw, (max-width: 1071px) 543px, 580px\" \/><figcaption class=\"wp-element-caption\">Arc de Constantin<\/figcaption><\/figure>\n\n\n\n<figure class=\"wp-block-image size-large\"><img loading=\"lazy\" decoding=\"async\" width=\"768\" height=\"1024\" data-id=\"2459\" src=\"http:\/\/collegevictorlouis.fr\/wp-content\/uploads\/2024\/04\/IMG_2041-768x1024.jpeg\" alt=\"\" class=\"wp-image-2459\" srcset=\"https:\/\/collegevictorlouis.fr\/wp-content\/uploads\/2024\/04\/IMG_2041-768x1024.jpeg 768w, https:\/\/collegevictorlouis.fr\/wp-content\/uploads\/2024\/04\/IMG_2041-225x300.jpeg 225w, https:\/\/collegevictorlouis.fr\/wp-content\/uploads\/2024\/04\/IMG_2041-1152x1536.jpeg 1152w, https:\/\/collegevictorlouis.fr\/wp-content\/uploads\/2024\/04\/IMG_2041-1536x2048.jpeg 1536w, https:\/\/collegevictorlouis.fr\/wp-content\/uploads\/2024\/04\/IMG_2041-scaled.jpeg 1920w\" sizes=\"auto, (max-width: 767px) 89vw, (max-width: 1000px) 54vw, (max-width: 1071px) 543px, 580px\" \/><figcaption class=\"wp-element-caption\">Int\u00e9rieur du Colis\u00e9e <\/figcaption><\/figure>\n\n\n\n<figure class=\"wp-block-image size-large\"><img loading=\"lazy\" decoding=\"async\" width=\"691\" height=\"1024\" data-id=\"2460\" src=\"http:\/\/collegevictorlouis.fr\/wp-content\/uploads\/2024\/04\/IMG_2044-691x1024.jpeg\" alt=\"\" class=\"wp-image-2460\" srcset=\"https:\/\/collegevictorlouis.fr\/wp-content\/uploads\/2024\/04\/IMG_2044-691x1024.jpeg 691w, https:\/\/collegevictorlouis.fr\/wp-content\/uploads\/2024\/04\/IMG_2044-202x300.jpeg 202w, https:\/\/collegevictorlouis.fr\/wp-content\/uploads\/2024\/04\/IMG_2044-768x1138.jpeg 768w, https:\/\/collegevictorlouis.fr\/wp-content\/uploads\/2024\/04\/IMG_2044-1037x1536.jpeg 1037w, https:\/\/collegevictorlouis.fr\/wp-content\/uploads\/2024\/04\/IMG_2044-1382x2048.jpeg 1382w, https:\/\/collegevictorlouis.fr\/wp-content\/uploads\/2024\/04\/IMG_2044-scaled.jpeg 1728w\" sizes=\"auto, (max-width: 691px) 100vw, 691px\" \/><figcaption class=\"wp-element-caption\">Colis\u00e9e <\/figcaption><\/figure>\n\n\n\n<figure class=\"wp-block-image size-large\"><img loading=\"lazy\" decoding=\"async\" width=\"768\" height=\"1024\" data-id=\"2461\" src=\"http:\/\/collegevictorlouis.fr\/wp-content\/uploads\/2024\/04\/IMG_2046-768x1024.jpeg\" alt=\"\" class=\"wp-image-2461\" srcset=\"https:\/\/collegevictorlouis.fr\/wp-content\/uploads\/2024\/04\/IMG_2046-768x1024.jpeg 768w, https:\/\/collegevictorlouis.fr\/wp-content\/uploads\/2024\/04\/IMG_2046-225x300.jpeg 225w, https:\/\/collegevictorlouis.fr\/wp-content\/uploads\/2024\/04\/IMG_2046-1152x1536.jpeg 1152w, https:\/\/collegevictorlouis.fr\/wp-content\/uploads\/2024\/04\/IMG_2046-1536x2048.jpeg 1536w, https:\/\/collegevictorlouis.fr\/wp-content\/uploads\/2024\/04\/IMG_2046-scaled.jpeg 1920w\" sizes=\"auto, (max-width: 767px) 89vw, (max-width: 1000px) 54vw, (max-width: 1071px) 543px, 580px\" \/><figcaption class=\"wp-element-caption\">March\u00e9s de Trajan<\/figcaption><\/figure>\n\n\n\n<figure class=\"wp-block-image size-large\"><img loading=\"lazy\" decoding=\"async\" width=\"907\" height=\"1024\" data-id=\"2462\" src=\"http:\/\/collegevictorlouis.fr\/wp-content\/uploads\/2024\/04\/IMG_2052-907x1024.jpeg\" alt=\"\" class=\"wp-image-2462\" srcset=\"https:\/\/collegevictorlouis.fr\/wp-content\/uploads\/2024\/04\/IMG_2052-907x1024.jpeg 907w, https:\/\/collegevictorlouis.fr\/wp-content\/uploads\/2024\/04\/IMG_2052-266x300.jpeg 266w, https:\/\/collegevictorlouis.fr\/wp-content\/uploads\/2024\/04\/IMG_2052-768x867.jpeg 768w, https:\/\/collegevictorlouis.fr\/wp-content\/uploads\/2024\/04\/IMG_2052-1360x1536.jpeg 1360w, https:\/\/collegevictorlouis.fr\/wp-content\/uploads\/2024\/04\/IMG_2052-1814x2048.jpeg 1814w\" sizes=\"auto, (max-width: 767px) 89vw, (max-width: 1000px) 54vw, (max-width: 1071px) 543px, 580px\" \/><figcaption class=\"wp-element-caption\">Temple de Vesta<\/figcaption><\/figure>\n\n\n\n<figure class=\"wp-block-image size-large\"><img loading=\"lazy\" decoding=\"async\" width=\"708\" height=\"1024\" data-id=\"2463\" src=\"http:\/\/collegevictorlouis.fr\/wp-content\/uploads\/2024\/04\/IMG_2060-708x1024.jpeg\" alt=\"\" class=\"wp-image-2463\" srcset=\"https:\/\/collegevictorlouis.fr\/wp-content\/uploads\/2024\/04\/IMG_2060-708x1024.jpeg 708w, https:\/\/collegevictorlouis.fr\/wp-content\/uploads\/2024\/04\/IMG_2060-207x300.jpeg 207w, https:\/\/collegevictorlouis.fr\/wp-content\/uploads\/2024\/04\/IMG_2060-768x1111.jpeg 768w, https:\/\/collegevictorlouis.fr\/wp-content\/uploads\/2024\/04\/IMG_2060-1061x1536.jpeg 1061w, https:\/\/collegevictorlouis.fr\/wp-content\/uploads\/2024\/04\/IMG_2060-1415x2048.jpeg 1415w, https:\/\/collegevictorlouis.fr\/wp-content\/uploads\/2024\/04\/IMG_2060-scaled.jpeg 1769w\" sizes=\"auto, (max-width: 708px) 100vw, 708px\" \/><figcaption class=\"wp-element-caption\">Arc de Titus et Colis\u00e9e en fond<\/figcaption><\/figure>\n\n\n\n<figure class=\"wp-block-image size-large\"><img loading=\"lazy\" decoding=\"async\" width=\"768\" height=\"1024\" data-id=\"2464\" src=\"http:\/\/collegevictorlouis.fr\/wp-content\/uploads\/2024\/04\/IMG_2064-768x1024.jpeg\" alt=\"\" class=\"wp-image-2464\" srcset=\"https:\/\/collegevictorlouis.fr\/wp-content\/uploads\/2024\/04\/IMG_2064-768x1024.jpeg 768w, https:\/\/collegevictorlouis.fr\/wp-content\/uploads\/2024\/04\/IMG_2064-225x300.jpeg 225w, https:\/\/collegevictorlouis.fr\/wp-content\/uploads\/2024\/04\/IMG_2064-1152x1536.jpeg 1152w, https:\/\/collegevictorlouis.fr\/wp-content\/uploads\/2024\/04\/IMG_2064-1536x2048.jpeg 1536w, https:\/\/collegevictorlouis.fr\/wp-content\/uploads\/2024\/04\/IMG_2064-scaled.jpeg 1920w\" sizes=\"auto, (max-width: 767px) 89vw, (max-width: 1000px) 54vw, (max-width: 1071px) 543px, 580px\" \/><figcaption class=\"wp-element-caption\">Basilique Julia<\/figcaption><\/figure>\n\n\n\n<figure class=\"wp-block-image size-large\"><img loading=\"lazy\" decoding=\"async\" width=\"1024\" height=\"677\" data-id=\"2465\" src=\"http:\/\/collegevictorlouis.fr\/wp-content\/uploads\/2024\/04\/IMG_2066-1024x677.jpeg\" alt=\"\" class=\"wp-image-2465\" srcset=\"https:\/\/collegevictorlouis.fr\/wp-content\/uploads\/2024\/04\/IMG_2066-1024x677.jpeg 1024w, https:\/\/collegevictorlouis.fr\/wp-content\/uploads\/2024\/04\/IMG_2066-300x198.jpeg 300w, https:\/\/collegevictorlouis.fr\/wp-content\/uploads\/2024\/04\/IMG_2066-768x508.jpeg 768w, https:\/\/collegevictorlouis.fr\/wp-content\/uploads\/2024\/04\/IMG_2066-1536x1016.jpeg 1536w, https:\/\/collegevictorlouis.fr\/wp-content\/uploads\/2024\/04\/IMG_2066-2048x1354.jpeg 2048w\" sizes=\"auto, (max-width: 767px) 89vw, (max-width: 1000px) 54vw, (max-width: 1071px) 543px, 580px\" \/><figcaption class=\"wp-element-caption\">Le groupe de latinistes et hellenistes<\/figcaption><\/figure>\n\n\n\n<figure class=\"wp-block-image size-large\"><img loading=\"lazy\" decoding=\"async\" width=\"768\" height=\"1024\" data-id=\"2466\" src=\"http:\/\/collegevictorlouis.fr\/wp-content\/uploads\/2024\/04\/IMG_2069-768x1024.jpeg\" alt=\"\" class=\"wp-image-2466\" srcset=\"https:\/\/collegevictorlouis.fr\/wp-content\/uploads\/2024\/04\/IMG_2069-768x1024.jpeg 768w, https:\/\/collegevictorlouis.fr\/wp-content\/uploads\/2024\/04\/IMG_2069-225x300.jpeg 225w, https:\/\/collegevictorlouis.fr\/wp-content\/uploads\/2024\/04\/IMG_2069-1152x1536.jpeg 1152w, https:\/\/collegevictorlouis.fr\/wp-content\/uploads\/2024\/04\/IMG_2069-1536x2048.jpeg 1536w, https:\/\/collegevictorlouis.fr\/wp-content\/uploads\/2024\/04\/IMG_2069-scaled.jpeg 1920w\" sizes=\"auto, (max-width: 767px) 89vw, (max-width: 1000px) 54vw, (max-width: 1071px) 543px, 580px\" \/><figcaption class=\"wp-element-caption\">M\u00e9duse <\/figcaption><\/figure>\n\n\n\n<figure class=\"wp-block-image size-large\"><img loading=\"lazy\" decoding=\"async\" width=\"768\" height=\"1024\" data-id=\"2467\" src=\"http:\/\/collegevictorlouis.fr\/wp-content\/uploads\/2024\/04\/IMG_2074-768x1024.jpeg\" alt=\"\" class=\"wp-image-2467\" srcset=\"https:\/\/collegevictorlouis.fr\/wp-content\/uploads\/2024\/04\/IMG_2074-768x1024.jpeg 768w, https:\/\/collegevictorlouis.fr\/wp-content\/uploads\/2024\/04\/IMG_2074-225x300.jpeg 225w, https:\/\/collegevictorlouis.fr\/wp-content\/uploads\/2024\/04\/IMG_2074-1152x1536.jpeg 1152w, https:\/\/collegevictorlouis.fr\/wp-content\/uploads\/2024\/04\/IMG_2074-1536x2048.jpeg 1536w, https:\/\/collegevictorlouis.fr\/wp-content\/uploads\/2024\/04\/IMG_2074-scaled.jpeg 1920w\" sizes=\"auto, (max-width: 767px) 89vw, (max-width: 1000px) 54vw, (max-width: 1071px) 543px, 580px\" \/><figcaption class=\"wp-element-caption\">Photo bombons avec la louve<\/figcaption><\/figure>\n\n\n\n<figure class=\"wp-block-image size-large\"><img loading=\"lazy\" decoding=\"async\" width=\"768\" height=\"1024\" data-id=\"2468\" src=\"http:\/\/collegevictorlouis.fr\/wp-content\/uploads\/2024\/04\/IMG_2086-768x1024.jpeg\" alt=\"\" class=\"wp-image-2468\" srcset=\"https:\/\/collegevictorlouis.fr\/wp-content\/uploads\/2024\/04\/IMG_2086-768x1024.jpeg 768w, https:\/\/collegevictorlouis.fr\/wp-content\/uploads\/2024\/04\/IMG_2086-225x300.jpeg 225w, https:\/\/collegevictorlouis.fr\/wp-content\/uploads\/2024\/04\/IMG_2086-1152x1536.jpeg 1152w, https:\/\/collegevictorlouis.fr\/wp-content\/uploads\/2024\/04\/IMG_2086-1536x2048.jpeg 1536w, https:\/\/collegevictorlouis.fr\/wp-content\/uploads\/2024\/04\/IMG_2086-scaled.jpeg 1920w\" sizes=\"auto, (max-width: 767px) 89vw, (max-width: 1000px) 54vw, (max-width: 1071px) 543px, 580px\" \/><figcaption class=\"wp-element-caption\">Vue du forum romain<\/figcaption><\/figure>\n\n\n\n<figure class=\"wp-block-image size-large\"><img loading=\"lazy\" decoding=\"async\" width=\"896\" height=\"1024\" data-id=\"2469\" src=\"http:\/\/collegevictorlouis.fr\/wp-content\/uploads\/2024\/04\/IMG_2097-896x1024.jpeg\" alt=\"\" class=\"wp-image-2469\" srcset=\"https:\/\/collegevictorlouis.fr\/wp-content\/uploads\/2024\/04\/IMG_2097-896x1024.jpeg 896w, https:\/\/collegevictorlouis.fr\/wp-content\/uploads\/2024\/04\/IMG_2097-263x300.jpeg 263w, https:\/\/collegevictorlouis.fr\/wp-content\/uploads\/2024\/04\/IMG_2097-768x878.jpeg 768w, https:\/\/collegevictorlouis.fr\/wp-content\/uploads\/2024\/04\/IMG_2097-1344x1536.jpeg 1344w, https:\/\/collegevictorlouis.fr\/wp-content\/uploads\/2024\/04\/IMG_2097-1792x2048.jpeg 1792w\" sizes=\"auto, (max-width: 767px) 89vw, (max-width: 1000px) 54vw, (max-width: 1071px) 543px, 580px\" \/><figcaption class=\"wp-element-caption\">Socrate<\/figcaption><\/figure>\n\n\n\n<figure class=\"wp-block-image size-large\"><img loading=\"lazy\" decoding=\"async\" width=\"1024\" height=\"768\" data-id=\"2470\" src=\"http:\/\/collegevictorlouis.fr\/wp-content\/uploads\/2024\/04\/IMG_2108-1024x768.jpeg\" alt=\"\" class=\"wp-image-2470\" srcset=\"https:\/\/collegevictorlouis.fr\/wp-content\/uploads\/2024\/04\/IMG_2108-1024x768.jpeg 1024w, https:\/\/collegevictorlouis.fr\/wp-content\/uploads\/2024\/04\/IMG_2108-300x225.jpeg 300w, https:\/\/collegevictorlouis.fr\/wp-content\/uploads\/2024\/04\/IMG_2108-768x576.jpeg 768w, https:\/\/collegevictorlouis.fr\/wp-content\/uploads\/2024\/04\/IMG_2108-1536x1152.jpeg 1536w, https:\/\/collegevictorlouis.fr\/wp-content\/uploads\/2024\/04\/IMG_2108-2048x1536.jpeg 2048w\" sizes=\"auto, (max-width: 767px) 89vw, (max-width: 1000px) 54vw, (max-width: 1071px) 543px, 580px\" \/><figcaption class=\"wp-element-caption\">Monument en hommage \u00e0 Victor-Emmanuel II<\/figcaption><\/figure>\n<\/figure>\n\n\n\n<p><\/p>\n\n\n\n<p><\/p>\n","protected":false},"excerpt":{"rendered":"<p>Apr\u00e8s une petite nuit dans le bus, Les \u00e9l\u00e8ves ont pu d\u00e9couvrir les ruines du Colis\u00e9e, des diff\u00e9rents forums et le Palatin. Ils ont aussi visit\u00e9 les c\u00e9l\u00e8bres mus\u00e9es capitolins et leurs statues m\u00e9morables. Une journ\u00e9e o\u00f9 nous en avons eu plein les yeux et plein les jambes ( 21000 pas selon ma montre connect\u00e9e &hellip; <\/p>\n<p class=\"link-more\"><a href=\"https:\/\/collegevictorlouis.fr\/?p=2457\" class=\"more-link\">Continuer la lecture<span class=\"screen-reader-text\"> de &laquo;&nbsp;Italie Jour 2 &#8211; la Rome Antique&nbsp;&raquo;<\/span><\/a><\/p>\n","protected":false},"author":28,"featured_media":0,"comment_status":"open","ping_status":"open","sticky":false,"template":"","format":"standard","meta":{"footnotes":""},"categories":[12,97],"tags":[],"class_list":["post-2457","post","type-post","status-publish","format-standard","hentry","category-langues-anciennes","category-voyages"],"_links":{"self":[{"href":"https:\/\/collegevictorlouis.fr\/index.php?rest_route=\/wp\/v2\/posts\/2457","targetHints":{"allow":["GET"]}}],"collection":[{"href":"https:\/\/collegevictorlouis.fr\/index.php?rest_route=\/wp\/v2\/posts"}],"about":[{"href":"https:\/\/collegevictorlouis.fr\/index.php?rest_route=\/wp\/v2\/types\/post"}],"author":[{"embeddable":true,"href":"https:\/\/collegevictorlouis.fr\/index.php?rest_route=\/wp\/v2\/users\/28"}],"replies":[{"embeddable":true,"href":"https:\/\/collegevictorlouis.fr\/index.php?rest_route=%2Fwp%2Fv2%2Fcomments&post=2457"}],"version-history":[{"count":1,"href":"https:\/\/collegevictorlouis.fr\/index.php?rest_route=\/wp\/v2\/posts\/2457\/revisions"}],"predecessor-version":[{"id":2471,"href":"https:\/\/collegevictorlouis.fr\/index.php?rest_route=\/wp\/v2\/posts\/2457\/revisions\/2471"}],"wp:attachment":[{"href":"https:\/\/collegevictorlouis.fr\/index.php?rest_route=%2Fwp%2Fv2%2Fmedia&parent=2457"}],"wp:term":[{"taxonomy":"category","embeddable":true,"href":"https:\/\/collegevictorlouis.fr\/index.php?rest_route=%2Fwp%2Fv2%2Fcategories&post=2457"},{"taxonomy":"post_tag","embeddable":true,"href":"https:\/\/collegevictorlouis.fr\/index.php?rest_route=%2Fwp%2Fv2%2Ftags&post=2457"}],"curies":[{"name":"wp","href":"https:\/\/api.w.org\/{rel}","templated":true}]}}