{"id":2528,"date":"2024-05-19T17:52:22","date_gmt":"2024-05-19T15:52:22","guid":{"rendered":"http:\/\/collegevictorlouis.fr\/?p=2528"},"modified":"2024-05-19T17:55:58","modified_gmt":"2024-05-19T15:55:58","slug":"favoriser-la-biodiversite-au-college","status":"publish","type":"post","link":"https:\/\/collegevictorlouis.fr\/?p=2528","title":{"rendered":"Favoriser la biodiversit\u00e9 au coll\u00e8ge!"},"content":{"rendered":"\n<div class=\"wp-block-columns is-layout-flex wp-container-core-columns-is-layout-9d6595d7 wp-block-columns-is-layout-flex\">\n<div class=\"wp-block-column is-layout-flow wp-block-column-is-layout-flow\" style=\"flex-basis:100%\">\n<figure class=\"wp-block-gallery has-nested-images columns-default is-cropped wp-block-gallery-1 is-layout-flex wp-block-gallery-is-layout-flex\">\n<figure class=\"wp-block-image size-large\"><img loading=\"lazy\" decoding=\"async\" width=\"859\" height=\"719\" data-id=\"2529\" src=\"http:\/\/collegevictorlouis.fr\/wp-content\/uploads\/2024\/05\/PXL_20231201_102002631.jpg\" alt=\"\" class=\"wp-image-2529\" srcset=\"https:\/\/collegevictorlouis.fr\/wp-content\/uploads\/2024\/05\/PXL_20231201_102002631.jpg 859w, https:\/\/collegevictorlouis.fr\/wp-content\/uploads\/2024\/05\/PXL_20231201_102002631-300x251.jpg 300w, https:\/\/collegevictorlouis.fr\/wp-content\/uploads\/2024\/05\/PXL_20231201_102002631-768x643.jpg 768w\" sizes=\"auto, (max-width: 767px) 89vw, (max-width: 1000px) 54vw, (max-width: 1071px) 543px, 580px\" \/><\/figure>\n\n\n\n<figure class=\"wp-block-image size-large\"><img loading=\"lazy\" decoding=\"async\" width=\"1024\" height=\"586\" data-id=\"2531\" src=\"http:\/\/collegevictorlouis.fr\/wp-content\/uploads\/2024\/05\/PXL_20231201_101959067-1024x586.jpg\" alt=\"\" class=\"wp-image-2531\" srcset=\"https:\/\/collegevictorlouis.fr\/wp-content\/uploads\/2024\/05\/PXL_20231201_101959067-1024x586.jpg 1024w, https:\/\/collegevictorlouis.fr\/wp-content\/uploads\/2024\/05\/PXL_20231201_101959067-300x172.jpg 300w, https:\/\/collegevictorlouis.fr\/wp-content\/uploads\/2024\/05\/PXL_20231201_101959067-768x440.jpg 768w, https:\/\/collegevictorlouis.fr\/wp-content\/uploads\/2024\/05\/PXL_20231201_101959067.jpg 1256w\" sizes=\"auto, (max-width: 767px) 89vw, (max-width: 1000px) 54vw, (max-width: 1071px) 543px, 580px\" \/><\/figure>\n\n\n\n<figure class=\"wp-block-image size-large\"><img loading=\"lazy\" decoding=\"async\" width=\"1024\" height=\"568\" data-id=\"2530\" src=\"http:\/\/collegevictorlouis.fr\/wp-content\/uploads\/2024\/05\/PXL_20231201_102009936-1024x568.jpg\" alt=\"\" class=\"wp-image-2530\" srcset=\"https:\/\/collegevictorlouis.fr\/wp-content\/uploads\/2024\/05\/PXL_20231201_102009936-1024x568.jpg 1024w, https:\/\/collegevictorlouis.fr\/wp-content\/uploads\/2024\/05\/PXL_20231201_102009936-300x166.jpg 300w, https:\/\/collegevictorlouis.fr\/wp-content\/uploads\/2024\/05\/PXL_20231201_102009936-768x426.jpg 768w, https:\/\/collegevictorlouis.fr\/wp-content\/uploads\/2024\/05\/PXL_20231201_102009936.jpg 1296w\" sizes=\"auto, (max-width: 767px) 89vw, (max-width: 1000px) 54vw, (max-width: 1071px) 543px, 580px\" \/><\/figure>\n\n\n\n<figure class=\"wp-block-image size-large\"><img loading=\"lazy\" decoding=\"async\" width=\"1024\" height=\"576\" data-id=\"2532\" src=\"http:\/\/collegevictorlouis.fr\/wp-content\/uploads\/2024\/05\/PXL_20240308_102805986-1024x576.jpg\" alt=\"\" class=\"wp-image-2532\" srcset=\"https:\/\/collegevictorlouis.fr\/wp-content\/uploads\/2024\/05\/PXL_20240308_102805986-1024x576.jpg 1024w, https:\/\/collegevictorlouis.fr\/wp-content\/uploads\/2024\/05\/PXL_20240308_102805986-300x169.jpg 300w, https:\/\/collegevictorlouis.fr\/wp-content\/uploads\/2024\/05\/PXL_20240308_102805986-768x432.jpg 768w, https:\/\/collegevictorlouis.fr\/wp-content\/uploads\/2024\/05\/PXL_20240308_102805986.jpg 1278w\" sizes=\"auto, (max-width: 767px) 89vw, (max-width: 1000px) 54vw, (max-width: 1071px) 543px, 580px\" \/><\/figure>\n\n\n\n<figure class=\"wp-block-image size-large\"><img loading=\"lazy\" decoding=\"async\" width=\"1024\" height=\"576\" data-id=\"2533\" src=\"http:\/\/collegevictorlouis.fr\/wp-content\/uploads\/2024\/05\/PXL_20240308_103142677-1024x576.jpg\" alt=\"\" class=\"wp-image-2533\" srcset=\"https:\/\/collegevictorlouis.fr\/wp-content\/uploads\/2024\/05\/PXL_20240308_103142677-1024x576.jpg 1024w, https:\/\/collegevictorlouis.fr\/wp-content\/uploads\/2024\/05\/PXL_20240308_103142677-300x169.jpg 300w, https:\/\/collegevictorlouis.fr\/wp-content\/uploads\/2024\/05\/PXL_20240308_103142677-768x432.jpg 768w, https:\/\/collegevictorlouis.fr\/wp-content\/uploads\/2024\/05\/PXL_20240308_103142677.jpg 1278w\" sizes=\"auto, (max-width: 767px) 89vw, (max-width: 1000px) 54vw, (max-width: 1071px) 543px, 580px\" \/><\/figure>\n<\/figure>\n<\/div>\n<\/div>\n\n\n\n<p class=\"has-text-align-left\">Les \u00e9l\u00e8ves de 6i\u00e8me ont fabriqu\u00e9 de nombreux h\u00f4tels \u00e0 insectes  en novembre , ils ont \u00e9t\u00e9 plac\u00e9s en mars pr\u00e8s du potager. <\/p>\n\n\n\n<p class=\"has-text-align-left\">Merci \u00e0 eux pour cet investissement , ils ont ainsi contribu\u00e9 \u00e0 favoriser la biodiversit\u00e9 au coll\u00e8ge Victor Louis !<\/p>\n\n\n\n<p>Pourquoi des h\u00f4tels \u00e0 insectes au coll\u00e8ge ?<\/p>\n\n\n\n<p>Les h\u00f4tels \u00e0 insectes sont con\u00e7us pour accueillir  et abriter des insectes utiles \u00e0 la pollinisation ainsi que ceux qui mangent les insectes nuisibles aux cultures ( limitant ainsi l&rsquo;usage des insecticides) . <\/p>\n\n\n\n<p>Ainsi, abeilles sauvages, syrphes, coccinelles&#8230; fr\u00e9quentent ces abris \u00e0 diff\u00e9rentes p\u00e9riodes de l\u2019ann\u00e9e : certaines esp\u00e8ces pour pondre, se reproduire et  d\u2019autres pour passer l&rsquo;hiver.<\/p>\n\n\n\n<p>La biodiversit\u00e9 est donc pr\u00e9serv\u00e9e pr\u00e8s du potager.<\/p>\n\n\n\n<p><\/p>\n\n\n\n<p><br><\/p>\n","protected":false},"excerpt":{"rendered":"<p>Les \u00e9l\u00e8ves de 6i\u00e8me ont fabriqu\u00e9 de nombreux h\u00f4tels \u00e0 insectes en novembre , ils ont \u00e9t\u00e9 plac\u00e9s en mars pr\u00e8s du potager. Merci \u00e0 eux pour cet investissement , ils ont ainsi contribu\u00e9 \u00e0 favoriser la biodiversit\u00e9 au coll\u00e8ge Victor Louis ! Pourquoi des h\u00f4tels \u00e0 insectes au coll\u00e8ge ? Les h\u00f4tels \u00e0 insectes &hellip; <\/p>\n<p class=\"link-more\"><a href=\"https:\/\/collegevictorlouis.fr\/?p=2528\" class=\"more-link\">Continuer la lecture<span class=\"screen-reader-text\"> de &laquo;&nbsp;Favoriser la biodiversit\u00e9 au coll\u00e8ge!&nbsp;&raquo;<\/span><\/a><\/p>\n","protected":false},"author":27,"featured_media":0,"comment_status":"open","ping_status":"open","sticky":false,"template":"","format":"standard","meta":{"footnotes":""},"categories":[19],"tags":[155,165],"class_list":["post-2528","post","type-post","status-publish","format-standard","hentry","category-science-et-vie-de-la-terre","tag-biodiversite","tag-svt"],"_links":{"self":[{"href":"https:\/\/collegevictorlouis.fr\/index.php?rest_route=\/wp\/v2\/posts\/2528","targetHints":{"allow":["GET"]}}],"collection":[{"href":"https:\/\/collegevictorlouis.fr\/index.php?rest_route=\/wp\/v2\/posts"}],"about":[{"href":"https:\/\/collegevictorlouis.fr\/index.php?rest_route=\/wp\/v2\/types\/post"}],"author":[{"embeddable":true,"href":"https:\/\/collegevictorlouis.fr\/index.php?rest_route=\/wp\/v2\/users\/27"}],"replies":[{"embeddable":true,"href":"https:\/\/collegevictorlouis.fr\/index.php?rest_route=%2Fwp%2Fv2%2Fcomments&post=2528"}],"version-history":[{"count":3,"href":"https:\/\/collegevictorlouis.fr\/index.php?rest_route=\/wp\/v2\/posts\/2528\/revisions"}],"predecessor-version":[{"id":2536,"href":"https:\/\/collegevictorlouis.fr\/index.php?rest_route=\/wp\/v2\/posts\/2528\/revisions\/2536"}],"wp:attachment":[{"href":"https:\/\/collegevictorlouis.fr\/index.php?rest_route=%2Fwp%2Fv2%2Fmedia&parent=2528"}],"wp:term":[{"taxonomy":"category","embeddable":true,"href":"https:\/\/collegevictorlouis.fr\/index.php?rest_route=%2Fwp%2Fv2%2Fcategories&post=2528"},{"taxonomy":"post_tag","embeddable":true,"href":"https:\/\/collegevictorlouis.fr\/index.php?rest_route=%2Fwp%2Fv2%2Ftags&post=2528"}],"curies":[{"name":"wp","href":"https:\/\/api.w.org\/{rel}","templated":true}]}}