{"id":2765,"date":"2024-11-18T11:52:25","date_gmt":"2024-11-18T10:52:25","guid":{"rendered":"https:\/\/collegevictorlouis.fr\/?p=2765"},"modified":"2024-11-18T11:52:25","modified_gmt":"2024-11-18T10:52:25","slug":"journee-non-au-harcelement","status":"publish","type":"post","link":"https:\/\/collegevictorlouis.fr\/?p=2765","title":{"rendered":"Journ\u00e9e Non Au Harc\u00e8lement"},"content":{"rendered":"\n<p>\u00c0 l&rsquo;occasion de la Journ\u00e9e nationale du NAH, le coll\u00e8ge a organis\u00e9 une activit\u00e9 sp\u00e9ciale : un arbre \u00e0 mots. Cet <br>arbre est constitu\u00e9 de post-it sur lesquels \u00e9l\u00e8ves et personnels ont pu exprimer des messages en faveur de la lutte contre le harc\u00e8lement.<br>&nbsp;<br>Cette initiative \u00e9tait anim\u00e9e par les \u00e9l\u00e8ves ambassadeurs de la lutte contre le harc\u00e8lement et encadr\u00e9e par les AED durant toutes les r\u00e9cr\u00e9ations de la journ\u00e9e sous le pr\u00e9au.<br>Chacun a pu s&rsquo;exprimer!<\/p>\n\n\n\n<figure class=\"wp-block-image size-large\"><img loading=\"lazy\" decoding=\"async\" width=\"1024\" height=\"576\" src=\"https:\/\/collegevictorlouis.fr\/wp-content\/uploads\/2024\/11\/IMG-20241113-WA0001-1024x576.jpg\" alt=\"\" class=\"wp-image-2768\" srcset=\"https:\/\/collegevictorlouis.fr\/wp-content\/uploads\/2024\/11\/IMG-20241113-WA0001-1024x576.jpg 1024w, https:\/\/collegevictorlouis.fr\/wp-content\/uploads\/2024\/11\/IMG-20241113-WA0001-300x169.jpg 300w, https:\/\/collegevictorlouis.fr\/wp-content\/uploads\/2024\/11\/IMG-20241113-WA0001-768x432.jpg 768w, https:\/\/collegevictorlouis.fr\/wp-content\/uploads\/2024\/11\/IMG-20241113-WA0001-1536x864.jpg 1536w, https:\/\/collegevictorlouis.fr\/wp-content\/uploads\/2024\/11\/IMG-20241113-WA0001.jpg 2048w\" sizes=\"auto, (max-width: 767px) 89vw, (max-width: 1000px) 54vw, (max-width: 1071px) 543px, 580px\" \/><\/figure>\n","protected":false},"excerpt":{"rendered":"<p>\u00c0 l&rsquo;occasion de la Journ\u00e9e nationale du NAH, le coll\u00e8ge a organis\u00e9 une activit\u00e9 sp\u00e9ciale : un arbre \u00e0 mots. Cet arbre est constitu\u00e9 de post-it sur lesquels \u00e9l\u00e8ves et personnels ont pu exprimer des messages en faveur de la lutte contre le harc\u00e8lement.&nbsp;Cette initiative \u00e9tait anim\u00e9e par les \u00e9l\u00e8ves ambassadeurs de la lutte contre &hellip; <\/p>\n<p class=\"link-more\"><a href=\"https:\/\/collegevictorlouis.fr\/?p=2765\" class=\"more-link\">Continuer la lecture<span class=\"screen-reader-text\"> de &laquo;&nbsp;Journ\u00e9e Non Au Harc\u00e8lement&nbsp;&raquo;<\/span><\/a><\/p>\n","protected":false},"author":32,"featured_media":0,"comment_status":"open","ping_status":"open","sticky":false,"template":"","format":"standard","meta":{"footnotes":""},"categories":[1],"tags":[],"class_list":["post-2765","post","type-post","status-publish","format-standard","hentry","category-non-classe"],"_links":{"self":[{"href":"https:\/\/collegevictorlouis.fr\/index.php?rest_route=\/wp\/v2\/posts\/2765","targetHints":{"allow":["GET"]}}],"collection":[{"href":"https:\/\/collegevictorlouis.fr\/index.php?rest_route=\/wp\/v2\/posts"}],"about":[{"href":"https:\/\/collegevictorlouis.fr\/index.php?rest_route=\/wp\/v2\/types\/post"}],"author":[{"embeddable":true,"href":"https:\/\/collegevictorlouis.fr\/index.php?rest_route=\/wp\/v2\/users\/32"}],"replies":[{"embeddable":true,"href":"https:\/\/collegevictorlouis.fr\/index.php?rest_route=%2Fwp%2Fv2%2Fcomments&post=2765"}],"version-history":[{"count":2,"href":"https:\/\/collegevictorlouis.fr\/index.php?rest_route=\/wp\/v2\/posts\/2765\/revisions"}],"predecessor-version":[{"id":2769,"href":"https:\/\/collegevictorlouis.fr\/index.php?rest_route=\/wp\/v2\/posts\/2765\/revisions\/2769"}],"wp:attachment":[{"href":"https:\/\/collegevictorlouis.fr\/index.php?rest_route=%2Fwp%2Fv2%2Fmedia&parent=2765"}],"wp:term":[{"taxonomy":"category","embeddable":true,"href":"https:\/\/collegevictorlouis.fr\/index.php?rest_route=%2Fwp%2Fv2%2Fcategories&post=2765"},{"taxonomy":"post_tag","embeddable":true,"href":"https:\/\/collegevictorlouis.fr\/index.php?rest_route=%2Fwp%2Fv2%2Ftags&post=2765"}],"curies":[{"name":"wp","href":"https:\/\/api.w.org\/{rel}","templated":true}]}}