{"id":628,"date":"2021-11-01T16:29:00","date_gmt":"2021-11-01T15:29:00","guid":{"rendered":"http:\/\/collegevictorlouis.fr\/?p=628"},"modified":"2021-11-18T18:10:25","modified_gmt":"2021-11-18T17:10:25","slug":"exposition-fusilles-de-souge","status":"publish","type":"post","link":"https:\/\/collegevictorlouis.fr\/?p=628","title":{"rendered":"Exposition \u00ab\u00a0Fusill\u00e9s de Souge\u00a0\u00bb"},"content":{"rendered":"\n<p class=\"has-text-align-center has-luminous-vivid-amber-color has-black-background-color has-text-color has-background\"><strong>L\u2019association du souvenir des fusill\u00e9s de Souge&nbsp;a pour vocation de rendre hommage aux r\u00e9sistants patriotes fusill\u00e9s par les nazis de 1940 \u00e0 1944, et de retracer ce que fut leur courte vie ainsi que leurs divers engagements ou diff\u00e9rentes appartenances.<\/strong><\/p>\n\n\n\n<div class=\"wp-block-columns is-layout-flex wp-container-core-columns-is-layout-9d6595d7 wp-block-columns-is-layout-flex\">\n<div class=\"wp-block-column is-layout-flow wp-block-column-is-layout-flow\">\n<figure class=\"wp-block-image size-large\"><img loading=\"lazy\" decoding=\"async\" width=\"768\" height=\"1024\" src=\"http:\/\/collegevictorlouis.fr\/wp-content\/uploads\/2021\/11\/IMG_20211012_091627-768x1024.jpg\" alt=\"\" class=\"wp-image-645\" srcset=\"https:\/\/collegevictorlouis.fr\/wp-content\/uploads\/2021\/11\/IMG_20211012_091627-768x1024.jpg 768w, https:\/\/collegevictorlouis.fr\/wp-content\/uploads\/2021\/11\/IMG_20211012_091627-225x300.jpg 225w, https:\/\/collegevictorlouis.fr\/wp-content\/uploads\/2021\/11\/IMG_20211012_091627-1152x1536.jpg 1152w, https:\/\/collegevictorlouis.fr\/wp-content\/uploads\/2021\/11\/IMG_20211012_091627-1536x2048.jpg 1536w, https:\/\/collegevictorlouis.fr\/wp-content\/uploads\/2021\/11\/IMG_20211012_091627-scaled.jpg 1920w\" sizes=\"auto, (max-width: 767px) 89vw, (max-width: 1000px) 54vw, (max-width: 1071px) 543px, 580px\" \/><\/figure>\n<\/div>\n\n\n\n<div class=\"wp-block-column is-layout-flow wp-block-column-is-layout-flow\">\n<figure class=\"wp-block-image size-large\"><img loading=\"lazy\" decoding=\"async\" width=\"768\" height=\"1024\" src=\"http:\/\/collegevictorlouis.fr\/wp-content\/uploads\/2021\/11\/IMG_20211012_091602-2-768x1024.jpeg\" alt=\"\" class=\"wp-image-647\" srcset=\"https:\/\/collegevictorlouis.fr\/wp-content\/uploads\/2021\/11\/IMG_20211012_091602-2-768x1024.jpeg 768w, https:\/\/collegevictorlouis.fr\/wp-content\/uploads\/2021\/11\/IMG_20211012_091602-2-225x300.jpeg 225w, https:\/\/collegevictorlouis.fr\/wp-content\/uploads\/2021\/11\/IMG_20211012_091602-2-1152x1536.jpeg 1152w, https:\/\/collegevictorlouis.fr\/wp-content\/uploads\/2021\/11\/IMG_20211012_091602-2-1536x2048.jpeg 1536w, https:\/\/collegevictorlouis.fr\/wp-content\/uploads\/2021\/11\/IMG_20211012_091602-2-scaled.jpeg 1920w\" sizes=\"auto, (max-width: 767px) 89vw, (max-width: 1000px) 54vw, (max-width: 1071px) 543px, 580px\" \/><\/figure>\n<\/div>\n\n\n\n<div class=\"wp-block-column is-layout-flow wp-block-column-is-layout-flow\">\n<figure class=\"wp-block-image size-large\"><img loading=\"lazy\" decoding=\"async\" width=\"768\" height=\"1024\" src=\"http:\/\/collegevictorlouis.fr\/wp-content\/uploads\/2021\/11\/IMG_20211012_092544-768x1024.jpg\" alt=\"\" class=\"wp-image-648\" srcset=\"https:\/\/collegevictorlouis.fr\/wp-content\/uploads\/2021\/11\/IMG_20211012_092544-768x1024.jpg 768w, https:\/\/collegevictorlouis.fr\/wp-content\/uploads\/2021\/11\/IMG_20211012_092544-225x300.jpg 225w, https:\/\/collegevictorlouis.fr\/wp-content\/uploads\/2021\/11\/IMG_20211012_092544-1152x1536.jpg 1152w, https:\/\/collegevictorlouis.fr\/wp-content\/uploads\/2021\/11\/IMG_20211012_092544-1536x2048.jpg 1536w, https:\/\/collegevictorlouis.fr\/wp-content\/uploads\/2021\/11\/IMG_20211012_092544-scaled.jpg 1920w\" sizes=\"auto, (max-width: 767px) 89vw, (max-width: 1000px) 54vw, (max-width: 1071px) 543px, 580px\" \/><\/figure>\n<\/div>\n<\/div>\n\n\n\n<p class=\"has-text-align-center has-luminous-vivid-amber-color has-black-background-color has-text-color has-background\"> <strong>L&rsquo;exposition qui retrace leur parcours \u00e9tait au CDI en octobre, l&rsquo;occasion pour les classes de 3\u00e8mes, avec leur professeur d&rsquo;Histoire-G\u00e9ographie, Mme Maho, Mr Haure et Mr Jaury, de venir \u00e9changer avec les b\u00e9n\u00e9voles de l&rsquo;association autour de cette p\u00e9riode.<\/strong> <\/p>\n","protected":false},"excerpt":{"rendered":"<p>L\u2019association du souvenir des fusill\u00e9s de Souge&nbsp;a pour vocation de rendre hommage aux r\u00e9sistants patriotes fusill\u00e9s par les nazis de 1940 \u00e0 1944, et de retracer ce que fut leur courte vie ainsi que leurs divers engagements ou diff\u00e9rentes appartenances. L&rsquo;exposition qui retrace leur parcours \u00e9tait au CDI en octobre, l&rsquo;occasion pour les classes de &hellip; <\/p>\n<p class=\"link-more\"><a href=\"https:\/\/collegevictorlouis.fr\/?p=628\" class=\"more-link\">Continuer la lecture<span class=\"screen-reader-text\"> de &laquo;&nbsp;Exposition \u00ab\u00a0Fusill\u00e9s de Souge\u00a0\u00bb&nbsp;&raquo;<\/span><\/a><\/p>\n","protected":false},"author":4,"featured_media":0,"comment_status":"open","ping_status":"open","sticky":false,"template":"","format":"standard","meta":{"footnotes":""},"categories":[32,13],"tags":[66,67],"class_list":["post-628","post","type-post","status-publish","format-standard","hentry","category-cdi","category-histoire-et-geographie","tag-2nde-guerre-mondiale","tag-souge"],"_links":{"self":[{"href":"https:\/\/collegevictorlouis.fr\/index.php?rest_route=\/wp\/v2\/posts\/628","targetHints":{"allow":["GET"]}}],"collection":[{"href":"https:\/\/collegevictorlouis.fr\/index.php?rest_route=\/wp\/v2\/posts"}],"about":[{"href":"https:\/\/collegevictorlouis.fr\/index.php?rest_route=\/wp\/v2\/types\/post"}],"author":[{"embeddable":true,"href":"https:\/\/collegevictorlouis.fr\/index.php?rest_route=\/wp\/v2\/users\/4"}],"replies":[{"embeddable":true,"href":"https:\/\/collegevictorlouis.fr\/index.php?rest_route=%2Fwp%2Fv2%2Fcomments&post=628"}],"version-history":[{"count":3,"href":"https:\/\/collegevictorlouis.fr\/index.php?rest_route=\/wp\/v2\/posts\/628\/revisions"}],"predecessor-version":[{"id":649,"href":"https:\/\/collegevictorlouis.fr\/index.php?rest_route=\/wp\/v2\/posts\/628\/revisions\/649"}],"wp:attachment":[{"href":"https:\/\/collegevictorlouis.fr\/index.php?rest_route=%2Fwp%2Fv2%2Fmedia&parent=628"}],"wp:term":[{"taxonomy":"category","embeddable":true,"href":"https:\/\/collegevictorlouis.fr\/index.php?rest_route=%2Fwp%2Fv2%2Fcategories&post=628"},{"taxonomy":"post_tag","embeddable":true,"href":"https:\/\/collegevictorlouis.fr\/index.php?rest_route=%2Fwp%2Fv2%2Ftags&post=628"}],"curies":[{"name":"wp","href":"https:\/\/api.w.org\/{rel}","templated":true}]}}